{"id":358,"date":"2022-06-13T10:10:21","date_gmt":"2022-06-13T08:10:21","guid":{"rendered":"https:\/\/www.idea-bois.com\/blog\/?p=358"},"modified":"2022-06-13T10:10:23","modified_gmt":"2022-06-13T08:10:23","slug":"le-bois-un-atout-ecoresponsable","status":"publish","type":"post","link":"https:\/\/www.idea-bois.com\/blog\/le-bois-un-atout-ecoresponsable\/","title":{"rendered":"Le bois, un atout \u00e9coresponsable ?"},"content":{"rendered":"\n<p><strong>C\u2019est le plus ancien mat\u00e9riau de construction, mais\nest-ce le plus \u00e9cologique&nbsp;? Dans un contexte o\u00f9 la neutralit\u00e9 carbone est\ndevenue un enjeu majeur pour la plan\u00e8te, le bois a des arguments \u00e0 faire\nvaloir.<\/strong><\/p>\n\n\n\n<p>C\u2019est un fait, l\u2019exploitation des ressources fossiles\natteint ses limites. C\u2019est vrai pour les \u00e9nergies, comme le p\u00e9trole ou le gaz, \u00e7a\nl\u2019est \u00e9galement, et on le sait moins, pour les mat\u00e9riaux de construction, au\npremier rang desquels le b\u00e9ton. En effet, l\u2019extraction de sable, la production\nde ciment, utilisent des r\u00e9serves compt\u00e9es, et g\u00e9n\u00e8rent \u00e0 elles seules 50% des\n\u00e9missions de CO2 de toute l\u2019industrie du b\u00e2timent, soit 8% des rejets plan\u00e9taires\u2026\nLa fabrication de b\u00e9ton consomme \u00e9norm\u00e9ment d\u2019eau (10% de la consommation\nmondiale) et, paradoxalement, contrarie l\u2019absorption naturelle des pr\u00e9cipitations\nen artificialisant les sols, ce qui conduit \u00e0 la fois \u00e0 des situations de\nstress hydrique dans les zones o\u00f9 il est con\u00e7u, et \u00e0 des ph\u00e9nom\u00e8nes\nd\u2019inondations l\u00e0 o\u00f9 il est employ\u00e9&nbsp;!<\/p>\n\n\n\n<p><strong>Le bois, c\u2019est du solide<\/strong><\/p>\n\n\n\n<p>Face \u00e0 ces cons\u00e9quences dramatiques, le bois, qui a \u00e9t\u00e9 le\nprincipal mat\u00e9riau de construction de l\u2019humanit\u00e9 pendant des mill\u00e9naires, a de\nnombreuses qualit\u00e9s \u00e0 faire valoir, en mati\u00e8re d\u2019\u00e9cologie, mais aussi\nd\u2019efficacit\u00e9 fonctionnelle.<\/p>\n\n\n\n<p>Le bois peut \u00eatre un choix tout \u00e0 fait l\u00e9gitime pour le long\nterme&nbsp;: certaines \u00e9difications ont plus de 500 ans et sont toujours debout\n!<\/p>\n\n\n\n<p>Une r\u00e9alit\u00e9 \u00e0 pr\u00e9senter en perspective avec une statistique\nimportante&nbsp;: la dur\u00e9e de vie d\u2019une maison d\u2019habitation est en moyenne de\u2026\n50 ans. Pourquoi&nbsp;si peu ? Ce n\u2019est pas la solidit\u00e9 des b\u00e2timents qui est \u00e0\nmettre en cause, mais plut\u00f4t l\u2019\u00e9volution in\u00e9vitable des go\u00fbts et des usages.\nLes appartements de 1910 comprenaient rarement une salle d\u2019eau, pas de VMC, de\nclimatisation, des plafonds hauts, des fen\u00eatres \u00e9troites\u2026 Aucun rapport avec\nnos standards contemporains&nbsp;! Et quand le co\u00fbt de la modernisation devient\ntrop important par rapport \u00e0 une construction neuve, on le d\u00e9truit&nbsp;!<\/p>\n\n\n\n<p><strong>Le bois, c\u2019est \u00e9cologique<\/strong><\/p>\n\n\n\n<p>Solide, durable, confortable, le bois a des qualit\u00e9s\nenvironnementales \u00e9videntes&nbsp;: il est renouvelable (on peut m\u00eame planter de\nnouvelles for\u00eats), il a un faible co\u00fbt de production (il ne demande que peu\nd\u2019entretien), on le trouve quasiment partout, il stocke du carbone tout au long\nde sa croissance et ne le restitue que s\u2019il est br\u00fbl\u00e9\u2026 Un vrai premier de la\nclasse&nbsp;!<\/p>\n\n\n\n<p><strong>Le traitement autoclave<\/strong><\/p>\n\n\n\n<p>Si le bois peut servir \u00e0 des constructions durables, il trouve\ncependant ses limites pour les usages en ext\u00e9rieurs, o\u00f9 des expositions\nr\u00e9p\u00e9t\u00e9es \u00e0 l\u2019humidit\u00e9 et aux insectes et champignons xylophages nuisent \u00e0 sa\nlong\u00e9vit\u00e9. \u00c0 ces probl\u00e9matiques, le traitement autoclave vient apporter une\nr\u00e9ponse efficace et responsable. Longtemps consid\u00e9r\u00e9 comme polluant (pas\nforc\u00e9ment \u00e0 tort, puisque les premiers proc\u00e9d\u00e9s employaient de la cr\u00e9osote, ou\nun m\u00e9lange de cuivre, de zinc et d\u2019arsenic\u2026), celui-ci est d\u00e9sormais encadr\u00e9\npar une r\u00e9glementation europ\u00e9enne tr\u00e8s stricte, qui le rend compatible avec les\nnormes HQE.<\/p>\n\n\n\n<p>Des avanc\u00e9es qui permettent de trouver des alternatives\nlocales \u00e9conomiques aux bois exotiques, naturellement imputrescibles, mais au\nbilan carbone nettement plus lourd (ils traversent les oc\u00e9ans en cargo) et dont\nles for\u00eats de provenance ne sont pas toujours g\u00e9r\u00e9es avec responsabilit\u00e9.<\/p>\n\n\n\n<figure class=\"wp-block-image\"><img loading=\"lazy\" decoding=\"async\" width=\"1024\" height=\"178\" src=\"https:\/\/www.idea-bois.com\/blog\/wp-content\/uploads\/2022\/06\/autoclave-cycle_2-1024x178.jpg\" alt=\"\" class=\"wp-image-359\" srcset=\"https:\/\/www.idea-bois.com\/blog\/wp-content\/uploads\/2022\/06\/autoclave-cycle_2-1024x178.jpg 1024w, https:\/\/www.idea-bois.com\/blog\/wp-content\/uploads\/2022\/06\/autoclave-cycle_2-300x52.jpg 300w, https:\/\/www.idea-bois.com\/blog\/wp-content\/uploads\/2022\/06\/autoclave-cycle_2-768x133.jpg 768w\" sizes=\"auto, (max-width: 1024px) 100vw, 1024px\" \/><\/figure>\n","protected":false},"excerpt":{"rendered":"<p>C\u2019est le plus ancien mat\u00e9riau de construction, mais est-ce le plus \u00e9cologique&nbsp;? Dans un contexte o\u00f9 la neutralit\u00e9 carbone est devenue un enjeu majeur pour la plan\u00e8te, le bois a des arguments \u00e0 faire valoir. C\u2019est un fait, l\u2019exploitation des ressources fossiles atteint ses limites. C\u2019est vrai pour les \u00e9nergies, comme le p\u00e9trole ou le [&hellip;]<\/p>\n","protected":false},"author":2,"featured_media":359,"comment_status":"open","ping_status":"open","sticky":false,"template":"","format":"standard","meta":{"footnotes":""},"categories":[1],"tags":[],"class_list":["post-358","post","type-post","status-publish","format-standard","has-post-thumbnail","hentry","category-blog-idea-bois-nicolas"],"_links":{"self":[{"href":"https:\/\/www.idea-bois.com\/blog\/wp-json\/wp\/v2\/posts\/358","targetHints":{"allow":["GET"]}}],"collection":[{"href":"https:\/\/www.idea-bois.com\/blog\/wp-json\/wp\/v2\/posts"}],"about":[{"href":"https:\/\/www.idea-bois.com\/blog\/wp-json\/wp\/v2\/types\/post"}],"author":[{"embeddable":true,"href":"https:\/\/www.idea-bois.com\/blog\/wp-json\/wp\/v2\/users\/2"}],"replies":[{"embeddable":true,"href":"https:\/\/www.idea-bois.com\/blog\/wp-json\/wp\/v2\/comments?post=358"}],"version-history":[{"count":1,"href":"https:\/\/www.idea-bois.com\/blog\/wp-json\/wp\/v2\/posts\/358\/revisions"}],"predecessor-version":[{"id":360,"href":"https:\/\/www.idea-bois.com\/blog\/wp-json\/wp\/v2\/posts\/358\/revisions\/360"}],"wp:featuredmedia":[{"embeddable":true,"href":"https:\/\/www.idea-bois.com\/blog\/wp-json\/wp\/v2\/media\/359"}],"wp:attachment":[{"href":"https:\/\/www.idea-bois.com\/blog\/wp-json\/wp\/v2\/media?parent=358"}],"wp:term":[{"taxonomy":"category","embeddable":true,"href":"https:\/\/www.idea-bois.com\/blog\/wp-json\/wp\/v2\/categories?post=358"},{"taxonomy":"post_tag","embeddable":true,"href":"https:\/\/www.idea-bois.com\/blog\/wp-json\/wp\/v2\/tags?post=358"}],"curies":[{"name":"wp","href":"https:\/\/api.w.org\/{rel}","templated":true}]}}