{"id":362,"date":"2023-06-06T11:47:22","date_gmt":"2023-06-06T09:47:22","guid":{"rendered":"https:\/\/www.idea-bois.com\/blog\/?p=362"},"modified":"2023-06-06T11:56:15","modified_gmt":"2023-06-06T09:56:15","slug":"prets-pour-la-rep","status":"publish","type":"post","link":"https:\/\/www.idea-bois.com\/blog\/prets-pour-la-rep\/","title":{"rendered":"Pr\u00eats pour la REP"},"content":{"rendered":"\n<h4 class=\"wp-block-heading\">La Responsabilit\u00e9 \u00c9largie du Producteur a \u00e9t\u00e9 mise en place pour les Produits et Mat\u00e9riaux de Construction du B\u00e2timent (PMCB). En quoi sommes-nous tous concern\u00e9s ?<\/h4>\n\n\n\n<p>Le b\u00e2timent g\u00e9n\u00e8re tous les ans 42 millions de tonnes de d\u00e9chets en France. Si, en principe, les professionnels du secteur sont responsables de leur r\u00e9cup\u00e9ration et de leur recyclage, il manquait une fili\u00e8re sp\u00e9cifique, avec des moyens et des infrastructures adapt\u00e9s, pour concr\u00e9tiser cet objectif. <br>Certes, les d\u00e9tritus bois issus du b\u00e2timent \u00e9taient en grande partie revaloris\u00e9s, par exemple en panneaux de particules, en p\u00e2te \u00e0 papier ou en paillage. Mais une part encore trop importante de d\u00e9chets non inertes ou dangereux (comme l\u2019amiante) se retrouvait parfois dans des d\u00e9p\u00f4ts sauvages, en pleine nature. <\/p>\n\n\n\n<h4 class=\"wp-block-heading\">Collecter, trier, recycler<\/h4>\n\n\n\n<p>Ce ne sera plus le cas. Apr\u00e8s un report li\u00e9 aux cons\u00e9quences de la crise sanitaire, la REP PMCB (Responsabilit\u00e9 \u00c9largie du Producteur pour les Produits et Mat\u00e9riaux de Construction et B\u00e2timent) est applicable depuis le 1er mai 2023.<br>Tous les fabricants et distributeurs de la fili\u00e8re B\u00e2timent avaient l\u2019obligation d\u2019adh\u00e9rer \u00e0 un \u00e9co-organisme agr\u00e9\u00e9 par les pouvoirs publics au 1er janvier 2023. Moyennant une \u00e9cocontribution impos\u00e9e, ceux-ci assument leurs devoirs de gestion de la fin de vie de leurs produits : ramassage, tri, stockage, valorisation. IDEA BOIS NICOLAS a ainsi fait le choix de souscrire aupr\u00e8s de l\u2019\u00e9co-organisme VALOBAT.<\/p>\n\n\n\n<p>Cet argent va permettre de renforcer le maillage des points de collecte pour faciliter le traitement des r\u00e9sidus au plus pr\u00e8s des chantiers. Il va aussi venir en soutien des collectivit\u00e9s territoriales qui prennent en charge les d\u00e9chets (en d\u00e9saturant le r\u00e9seau des d\u00e9chetteries), et d\u00e9velopper leur r\u00e9emploi et leur recyclage. <\/p>\n\n\n\n<h4 class=\"wp-block-heading\">Qu\u2019est-ce que cela change ?<\/h4>\n\n\n\n<p>Le prix ! L\u2019\u00e9cocontribution est appliqu\u00e9e \u00e0 tous les produits commercialis\u00e9s. Elle est r\u00e9percut\u00e9e si l\u2019entreprise le choisit et report\u00e9e sur toutes les factures dans ce cas. \u00c0 ce jour, IDEA BOIS a d\u00e9cid\u00e9 de ne pas faire supporter ce surco\u00fbt \u00e0 ses clients et d\u2019en assumer elle-m\u00eame la charge. Le tarif d\u00e9fini par VALOBAT est de 5\u20acHT par m3 en moyenne. <br>\nLes \u00e9co-organismes financ\u00e9s par la fili\u00e8re auront l\u2019obligation de g\u00e9rer gratuitement les d\u00e9tritus g\u00e9n\u00e9r\u00e9s par les professionnels du secteur de la construction, par les artisans et les particuliers. Gr\u00e2ce \u00e0 ce principe, \u00ab tout le monde paye, mais les d\u00e9chets de tout le monde sont pris en charge \u00bb, on devrait voir dispara\u00eetre les d\u00e9p\u00f4ts sauvages de d\u00e9chets issus du b\u00e2timent. <\/p>\n\n\n\n<p>Cette d\u00e9marche devrait aussi favoriser le recours \u00e0 l\u2019\u00e9coconception pour les produits et mat\u00e9riaux de construction. Plus \u00ab propres \u00bb et plus faciles \u00e0 recycler, ils permettront \u00e0 toute la fili\u00e8re d\u2019\u00eatre plus vertueuse\u2026 et de r\u00e9aliser des \u00e9conomies. <\/p>\n\n\n\n<div class=\"wp-block-image\"><figure class=\"aligncenter\"><img loading=\"lazy\" decoding=\"async\" width=\"611\" height=\"486\" src=\"https:\/\/www.idea-bois.com\/blog\/wp-content\/uploads\/2023\/06\/REP-SCHEMA-PETIT.jpg\" alt=\"\" class=\"wp-image-371\" srcset=\"https:\/\/www.idea-bois.com\/blog\/wp-content\/uploads\/2023\/06\/REP-SCHEMA-PETIT.jpg 611w, https:\/\/www.idea-bois.com\/blog\/wp-content\/uploads\/2023\/06\/REP-SCHEMA-PETIT-300x239.jpg 300w\" sizes=\"auto, (max-width: 611px) 100vw, 611px\" \/><\/figure><\/div>\n\n\n\n<h4 class=\"wp-block-heading\">21 fili\u00e8res en place<\/h4>\n\n\n\n<p>La premi\u00e8re REP mise en place en France a \u00e9t\u00e9 celle des emballages m\u00e9nagers, en 1992. Elle a \u00e9t\u00e9 suivie par celle sur les piles et accumulateurs, sur le papier et les \u00e9quipements \u00e9lectriques et \u00e9lectroniques\u2026 Le fonctionnement est partout le m\u00eame : les producteurs, importateurs ou distributeurs de mat\u00e9riaux doivent pourvoir \u00e0 l\u2019\u00e9limination des d\u00e9chets qui en proviennent. Un principe qui avait \u00e9t\u00e9 fix\u00e9 dans le code de l\u2019environnement en France d\u00e8s\u2026 1975 !<\/p>\n","protected":false},"excerpt":{"rendered":"<p>La Responsabilit\u00e9 \u00c9largie du Producteur a \u00e9t\u00e9 mise en place pour les Produits et Mat\u00e9riaux de Construction du B\u00e2timent (PMCB). En quoi sommes-nous tous concern\u00e9s ? Le b\u00e2timent g\u00e9n\u00e8re tous les ans 42 millions de tonnes de d\u00e9chets en France. Si, en principe, les professionnels du secteur sont responsables de leur r\u00e9cup\u00e9ration et de leur [&hellip;]<\/p>\n","protected":false},"author":2,"featured_media":366,"comment_status":"open","ping_status":"open","sticky":false,"template":"","format":"standard","meta":{"footnotes":""},"categories":[1],"tags":[],"class_list":["post-362","post","type-post","status-publish","format-standard","has-post-thumbnail","hentry","category-blog-idea-bois-nicolas"],"_links":{"self":[{"href":"https:\/\/www.idea-bois.com\/blog\/wp-json\/wp\/v2\/posts\/362","targetHints":{"allow":["GET"]}}],"collection":[{"href":"https:\/\/www.idea-bois.com\/blog\/wp-json\/wp\/v2\/posts"}],"about":[{"href":"https:\/\/www.idea-bois.com\/blog\/wp-json\/wp\/v2\/types\/post"}],"author":[{"embeddable":true,"href":"https:\/\/www.idea-bois.com\/blog\/wp-json\/wp\/v2\/users\/2"}],"replies":[{"embeddable":true,"href":"https:\/\/www.idea-bois.com\/blog\/wp-json\/wp\/v2\/comments?post=362"}],"version-history":[{"count":7,"href":"https:\/\/www.idea-bois.com\/blog\/wp-json\/wp\/v2\/posts\/362\/revisions"}],"predecessor-version":[{"id":373,"href":"https:\/\/www.idea-bois.com\/blog\/wp-json\/wp\/v2\/posts\/362\/revisions\/373"}],"wp:featuredmedia":[{"embeddable":true,"href":"https:\/\/www.idea-bois.com\/blog\/wp-json\/wp\/v2\/media\/366"}],"wp:attachment":[{"href":"https:\/\/www.idea-bois.com\/blog\/wp-json\/wp\/v2\/media?parent=362"}],"wp:term":[{"taxonomy":"category","embeddable":true,"href":"https:\/\/www.idea-bois.com\/blog\/wp-json\/wp\/v2\/categories?post=362"},{"taxonomy":"post_tag","embeddable":true,"href":"https:\/\/www.idea-bois.com\/blog\/wp-json\/wp\/v2\/tags?post=362"}],"curies":[{"name":"wp","href":"https:\/\/api.w.org\/{rel}","templated":true}]}}